{"id":296,"date":"2021-02-10T11:31:00","date_gmt":"2021-02-10T11:31:00","guid":{"rendered":"https:\/\/www.diagnostics.sener\/?p=296"},"modified":"2022-05-24T09:44:52","modified_gmt":"2022-05-24T09:44:52","slug":"xavier-de-prado-director-desarrollo-negocio-diagnostico-sener","status":"publish","type":"post","link":"https:\/\/www.diagnostics.sener\/es\/2021\/02\/10\/xavier-de-prado-director-desarrollo-negocio-diagnostico-sener\/","title":{"rendered":"Sener nombra a Xavier de Prado director de desarrollo de negocio del \u00e1rea de Diagn\u00f3stico"},"content":{"rendered":"\n<p>Sener ha nombrado a Xavier de Prado nuevo director de desarrollo de negocio y marketing del \u00e1rea de Diagn\u00f3stico, Sener Diagnostics. Con este nombramiento, Sener espera diversificar su cartera de productos y servicios de tecnolog\u00eda sanitaria, centrados en el \u00e1mbito de los sistemas de diagn\u00f3stico para automatizaci\u00f3n de laboratorios cl\u00ednicos.<\/p>\n\n\n\n<div class=\"wp-block-image\"><figure class=\"aligncenter size-large\"><img loading=\"lazy\" decoding=\"async\" width=\"780\" height=\"490\" src=\"https:\/\/www.diagnostics.sener\/wp-content\/uploads\/2021\/04\/xavier-de-prado-de-sener-diagnostics.gif\" alt=\"\" class=\"wp-image-3746\"\/><\/figure><\/div>\n\n\n\n<p>Ingeniero Industrial por la Escuela Superior de Ingenier\u00eda Industrial de Barcelona (ETSEIB), y m\u00e1ster en Administraci\u00f3n de Empresas MBA por la escuela de negocios EADA, Xavier de Prado cuenta con 17 a\u00f1os de experiencia en desarrollo de negocio en compa\u00f1\u00edas de diferentes sectores, entre ellas Idneo, Sony e Idom. En palabras de Xavier de Prado, \u201ces un orgullo incorporarme a un grupo de tecnolog\u00eda e ingenier\u00eda multidisciplinar como Sener, que es ya referente internacional por sus proyectos innovadores. Mi misi\u00f3n al frente del \u00e1rea de Diagn\u00f3stico ser\u00e1 consolidar la presencia de Sener en el mercado global de la tecnolog\u00eda sanitaria, que requiere de soluciones innovadoras y en el que un grupo con la experiencia y el conocimiento de Sener podr\u00e1 hacer una importante aportaci\u00f3n con desarrollos tecnol\u00f3gicos propios de alto valor a\u00f1adido\u201d.<\/p>\n\n\n\n<p>El grupo Sener cuenta desde 2010 con una l\u00ednea de negocio en el \u00e1mbito de la tecnolog\u00eda sanitaria que desarrolla y comercializa soluciones con el objetivo de ofrecer sistemas de automatizaci\u00f3n que mejoren los flujos de trabajo en los laboratorios y hospitales, adem\u00e1s de incrementar la calidad de los ensayos y generar ahorros para el sistema sanitario. Su principal producto hasta la fecha es el dispositivo AUTOPLAK de inoculaci\u00f3n y sembrado de muestras l\u00edquidas para el cultivo de placas, comercializado en hospitales y laboratorios de varios pa\u00edses europeos.<\/p>\n\n\n\n<p>En sus planes de crecimiento, la estrategia de Sener en el \u00e1rea de Diagn\u00f3stico se basa en la capacidad de integrar tecnolog\u00edas diversas para, mediante una permanente inversi\u00f3n en I+D+i, desarrollar un portafolio completo y diversificado de productos innovadores.<\/p>\n","protected":false},"excerpt":{"rendered":"<p>Sener ha nombrado a Xavier de Prado nuevo director de desarrollo de negocio y marketing del \u00e1rea de Diagn\u00f3stico, Sener Diagnostics. Con este nombramiento, Sener espera diversificar su cartera de productos y servicios de tecnolog\u00eda sanitaria, centrados en el \u00e1mbito de los sistemas de diagn\u00f3stico para automatizaci\u00f3n de laboratorios cl\u00ednicos. Ingeniero Industrial por la Escuela [&hellip;]<\/p>\n","protected":false},"author":5,"featured_media":5478,"comment_status":"closed","ping_status":"closed","sticky":false,"template":"","format":"standard","meta":{"_et_pb_use_builder":"off","_et_pb_old_content":"","_et_gb_content_width":"1080","footnotes":""},"categories":[11],"tags":[],"class_list":["post-296","post","type-post","status-publish","format-standard","has-post-thumbnail","hentry","category-news"],"yoast_head":"<!-- This site is optimized with the Yoast SEO plugin v25.9 - https:\/\/yoast.com\/wordpress\/plugins\/seo\/ -->\n<title>Sener nombra a Xavier de Prado director de desarrollo de negocio del \u00e1rea de Diagn\u00f3stico - Sener<\/title>\n<meta name=\"robots\" content=\"index, follow, max-snippet:-1, max-image-preview:large, max-video-preview:-1\" \/>\n<link rel=\"canonical\" href=\"https:\/\/www.diagnostics.sener\/es\/2021\/02\/10\/xavier-de-prado-director-desarrollo-negocio-diagnostico-sener\/\" \/>\n<meta property=\"og:locale\" content=\"es_ES\" \/>\n<meta property=\"og:type\" content=\"article\" \/>\n<meta property=\"og:title\" content=\"Sener nombra a Xavier de Prado director de desarrollo de negocio del \u00e1rea de Diagn\u00f3stico - Sener\" \/>\n<meta property=\"og:description\" content=\"Sener ha nombrado a Xavier de Prado nuevo director de desarrollo de negocio y marketing del \u00e1rea de Diagn\u00f3stico, Sener Diagnostics. Con este nombramiento, Sener espera diversificar su cartera de productos y servicios de tecnolog\u00eda sanitaria, centrados en el \u00e1mbito de los sistemas de diagn\u00f3stico para automatizaci\u00f3n de laboratorios cl\u00ednicos. Ingeniero Industrial por la Escuela [&hellip;]\" \/>\n<meta property=\"og:url\" content=\"https:\/\/www.diagnostics.sener\/es\/2021\/02\/10\/xavier-de-prado-director-desarrollo-negocio-diagnostico-sener\/\" \/>\n<meta property=\"og:site_name\" content=\"Sener\" \/>\n<meta property=\"article:published_time\" content=\"2021-02-10T11:31:00+00:00\" \/>\n<meta property=\"article:modified_time\" content=\"2022-05-24T09:44:52+00:00\" \/>\n<meta property=\"og:image\" content=\"https:\/\/www.diagnostics.sener\/wp-content\/uploads\/2021\/02\/xavier_deprado_director_negocio_desarrollo.jpg\" \/>\n\t<meta property=\"og:image:width\" content=\"490\" \/>\n\t<meta property=\"og:image:height\" content=\"490\" \/>\n\t<meta property=\"og:image:type\" content=\"image\/jpeg\" \/>\n<meta name=\"author\" content=\"Sener Team\" \/>\n<meta name=\"twitter:card\" content=\"summary_large_image\" \/>\n<meta name=\"twitter:label1\" content=\"Escrito por\" \/>\n\t<meta name=\"twitter:data1\" content=\"Sener Team\" \/>\n\t<meta name=\"twitter:label2\" content=\"Tiempo de lectura\" \/>\n\t<meta name=\"twitter:data2\" content=\"2 minutos\" \/>\n<script type=\"application\/ld+json\" class=\"yoast-schema-graph\">{\"@context\":\"https:\/\/schema.org\",\"@graph\":[{\"@type\":\"WebPage\",\"@id\":\"https:\/\/www.diagnostics.sener\/es\/2021\/02\/10\/xavier-de-prado-director-desarrollo-negocio-diagnostico-sener\/\",\"url\":\"https:\/\/www.diagnostics.sener\/es\/2021\/02\/10\/xavier-de-prado-director-desarrollo-negocio-diagnostico-sener\/\",\"name\":\"Sener nombra a Xavier de Prado director de desarrollo de negocio del \u00e1rea de Diagn\u00f3stico - Sener\",\"isPartOf\":{\"@id\":\"https:\/\/www.diagnostics.sener\/es\/#website\"},\"primaryImageOfPage\":{\"@id\":\"https:\/\/www.diagnostics.sener\/es\/2021\/02\/10\/xavier-de-prado-director-desarrollo-negocio-diagnostico-sener\/#primaryimage\"},\"image\":{\"@id\":\"https:\/\/www.diagnostics.sener\/es\/2021\/02\/10\/xavier-de-prado-director-desarrollo-negocio-diagnostico-sener\/#primaryimage\"},\"thumbnailUrl\":\"https:\/\/www.diagnostics.sener\/wp-content\/uploads\/2021\/02\/xavier_deprado_director_negocio_desarrollo.jpg\",\"datePublished\":\"2021-02-10T11:31:00+00:00\",\"dateModified\":\"2022-05-24T09:44:52+00:00\",\"author\":{\"@id\":\"https:\/\/www.diagnostics.sener\/es\/#\/schema\/person\/fb1a3e70c4ae1f2b5f30dc40477003ee\"},\"breadcrumb\":{\"@id\":\"https:\/\/www.diagnostics.sener\/es\/2021\/02\/10\/xavier-de-prado-director-desarrollo-negocio-diagnostico-sener\/#breadcrumb\"},\"inLanguage\":\"es\",\"potentialAction\":[{\"@type\":\"ReadAction\",\"target\":[\"https:\/\/www.diagnostics.sener\/es\/2021\/02\/10\/xavier-de-prado-director-desarrollo-negocio-diagnostico-sener\/\"]}]},{\"@type\":\"ImageObject\",\"inLanguage\":\"es\",\"@id\":\"https:\/\/www.diagnostics.sener\/es\/2021\/02\/10\/xavier-de-prado-director-desarrollo-negocio-diagnostico-sener\/#primaryimage\",\"url\":\"https:\/\/www.diagnostics.sener\/wp-content\/uploads\/2021\/02\/xavier_deprado_director_negocio_desarrollo.jpg\",\"contentUrl\":\"https:\/\/www.diagnostics.sener\/wp-content\/uploads\/2021\/02\/xavier_deprado_director_negocio_desarrollo.jpg\",\"width\":490,\"height\":490},{\"@type\":\"BreadcrumbList\",\"@id\":\"https:\/\/www.diagnostics.sener\/es\/2021\/02\/10\/xavier-de-prado-director-desarrollo-negocio-diagnostico-sener\/#breadcrumb\",\"itemListElement\":[{\"@type\":\"ListItem\",\"position\":1,\"name\":\"Portada\",\"item\":\"https:\/\/www.diagnostics.sener\/es\/\"},{\"@type\":\"ListItem\",\"position\":2,\"name\":\"SENER nombra a Xavier de Prado director de desarrollo de negocio del \u00e1rea de Diagn\u00f3stico\"}]},{\"@type\":\"WebSite\",\"@id\":\"https:\/\/www.diagnostics.sener\/es\/#website\",\"url\":\"https:\/\/www.diagnostics.sener\/es\/\",\"name\":\"Sener\",\"description\":\"Diagnostics\",\"potentialAction\":[{\"@type\":\"SearchAction\",\"target\":{\"@type\":\"EntryPoint\",\"urlTemplate\":\"https:\/\/www.diagnostics.sener\/es\/?s={search_term_string}\"},\"query-input\":{\"@type\":\"PropertyValueSpecification\",\"valueRequired\":true,\"valueName\":\"search_term_string\"}}],\"inLanguage\":\"es\"},{\"@type\":\"Person\",\"@id\":\"https:\/\/www.diagnostics.sener\/es\/#\/schema\/person\/fb1a3e70c4ae1f2b5f30dc40477003ee\",\"name\":\"Sener Team\",\"image\":{\"@type\":\"ImageObject\",\"inLanguage\":\"es\",\"@id\":\"https:\/\/www.diagnostics.sener\/es\/#\/schema\/person\/image\/\",\"url\":\"https:\/\/www.diagnostics.sener\/wp-content\/uploads\/2024\/07\/logo-sense-fons.png\",\"contentUrl\":\"https:\/\/www.diagnostics.sener\/wp-content\/uploads\/2024\/07\/logo-sense-fons.png\",\"caption\":\"Sener Team\"},\"url\":\"https:\/\/www.diagnostics.sener\/es\/author\/eva\/\"}]}<\/script>\n<!-- \/ Yoast SEO plugin. -->","yoast_head_json":{"title":"Sener nombra a Xavier de Prado director de desarrollo de negocio del \u00e1rea de Diagn\u00f3stico - Sener","robots":{"index":"index","follow":"follow","max-snippet":"max-snippet:-1","max-image-preview":"max-image-preview:large","max-video-preview":"max-video-preview:-1"},"canonical":"https:\/\/www.diagnostics.sener\/es\/2021\/02\/10\/xavier-de-prado-director-desarrollo-negocio-diagnostico-sener\/","og_locale":"es_ES","og_type":"article","og_title":"Sener nombra a Xavier de Prado director de desarrollo de negocio del \u00e1rea de Diagn\u00f3stico - Sener","og_description":"Sener ha nombrado a Xavier de Prado nuevo director de desarrollo de negocio y marketing del \u00e1rea de Diagn\u00f3stico, Sener Diagnostics. Con este nombramiento, Sener espera diversificar su cartera de productos y servicios de tecnolog\u00eda sanitaria, centrados en el \u00e1mbito de los sistemas de diagn\u00f3stico para automatizaci\u00f3n de laboratorios cl\u00ednicos. Ingeniero Industrial por la Escuela [&hellip;]","og_url":"https:\/\/www.diagnostics.sener\/es\/2021\/02\/10\/xavier-de-prado-director-desarrollo-negocio-diagnostico-sener\/","og_site_name":"Sener","article_published_time":"2021-02-10T11:31:00+00:00","article_modified_time":"2022-05-24T09:44:52+00:00","og_image":[{"width":490,"height":490,"url":"https:\/\/www.diagnostics.sener\/wp-content\/uploads\/2021\/02\/xavier_deprado_director_negocio_desarrollo.jpg","type":"image\/jpeg"}],"author":"Sener Team","twitter_card":"summary_large_image","twitter_misc":{"Escrito por":"Sener Team","Tiempo de lectura":"2 minutos"},"schema":{"@context":"https:\/\/schema.org","@graph":[{"@type":"WebPage","@id":"https:\/\/www.diagnostics.sener\/es\/2021\/02\/10\/xavier-de-prado-director-desarrollo-negocio-diagnostico-sener\/","url":"https:\/\/www.diagnostics.sener\/es\/2021\/02\/10\/xavier-de-prado-director-desarrollo-negocio-diagnostico-sener\/","name":"Sener nombra a Xavier de Prado director de desarrollo de negocio del \u00e1rea de Diagn\u00f3stico - Sener","isPartOf":{"@id":"https:\/\/www.diagnostics.sener\/es\/#website"},"primaryImageOfPage":{"@id":"https:\/\/www.diagnostics.sener\/es\/2021\/02\/10\/xavier-de-prado-director-desarrollo-negocio-diagnostico-sener\/#primaryimage"},"image":{"@id":"https:\/\/www.diagnostics.sener\/es\/2021\/02\/10\/xavier-de-prado-director-desarrollo-negocio-diagnostico-sener\/#primaryimage"},"thumbnailUrl":"https:\/\/www.diagnostics.sener\/wp-content\/uploads\/2021\/02\/xavier_deprado_director_negocio_desarrollo.jpg","datePublished":"2021-02-10T11:31:00+00:00","dateModified":"2022-05-24T09:44:52+00:00","author":{"@id":"https:\/\/www.diagnostics.sener\/es\/#\/schema\/person\/fb1a3e70c4ae1f2b5f30dc40477003ee"},"breadcrumb":{"@id":"https:\/\/www.diagnostics.sener\/es\/2021\/02\/10\/xavier-de-prado-director-desarrollo-negocio-diagnostico-sener\/#breadcrumb"},"inLanguage":"es","potentialAction":[{"@type":"ReadAction","target":["https:\/\/www.diagnostics.sener\/es\/2021\/02\/10\/xavier-de-prado-director-desarrollo-negocio-diagnostico-sener\/"]}]},{"@type":"ImageObject","inLanguage":"es","@id":"https:\/\/www.diagnostics.sener\/es\/2021\/02\/10\/xavier-de-prado-director-desarrollo-negocio-diagnostico-sener\/#primaryimage","url":"https:\/\/www.diagnostics.sener\/wp-content\/uploads\/2021\/02\/xavier_deprado_director_negocio_desarrollo.jpg","contentUrl":"https:\/\/www.diagnostics.sener\/wp-content\/uploads\/2021\/02\/xavier_deprado_director_negocio_desarrollo.jpg","width":490,"height":490},{"@type":"BreadcrumbList","@id":"https:\/\/www.diagnostics.sener\/es\/2021\/02\/10\/xavier-de-prado-director-desarrollo-negocio-diagnostico-sener\/#breadcrumb","itemListElement":[{"@type":"ListItem","position":1,"name":"Portada","item":"https:\/\/www.diagnostics.sener\/es\/"},{"@type":"ListItem","position":2,"name":"SENER nombra a Xavier de Prado director de desarrollo de negocio del \u00e1rea de Diagn\u00f3stico"}]},{"@type":"WebSite","@id":"https:\/\/www.diagnostics.sener\/es\/#website","url":"https:\/\/www.diagnostics.sener\/es\/","name":"Sener","description":"Diagnostics","potentialAction":[{"@type":"SearchAction","target":{"@type":"EntryPoint","urlTemplate":"https:\/\/www.diagnostics.sener\/es\/?s={search_term_string}"},"query-input":{"@type":"PropertyValueSpecification","valueRequired":true,"valueName":"search_term_string"}}],"inLanguage":"es"},{"@type":"Person","@id":"https:\/\/www.diagnostics.sener\/es\/#\/schema\/person\/fb1a3e70c4ae1f2b5f30dc40477003ee","name":"Sener Team","image":{"@type":"ImageObject","inLanguage":"es","@id":"https:\/\/www.diagnostics.sener\/es\/#\/schema\/person\/image\/","url":"https:\/\/www.diagnostics.sener\/wp-content\/uploads\/2024\/07\/logo-sense-fons.png","contentUrl":"https:\/\/www.diagnostics.sener\/wp-content\/uploads\/2024\/07\/logo-sense-fons.png","caption":"Sener Team"},"url":"https:\/\/www.diagnostics.sener\/es\/author\/eva\/"}]}},"_links":{"self":[{"href":"https:\/\/www.diagnostics.sener\/es\/wp-json\/wp\/v2\/posts\/296","targetHints":{"allow":["GET"]}}],"collection":[{"href":"https:\/\/www.diagnostics.sener\/es\/wp-json\/wp\/v2\/posts"}],"about":[{"href":"https:\/\/www.diagnostics.sener\/es\/wp-json\/wp\/v2\/types\/post"}],"author":[{"embeddable":true,"href":"https:\/\/www.diagnostics.sener\/es\/wp-json\/wp\/v2\/users\/5"}],"replies":[{"embeddable":true,"href":"https:\/\/www.diagnostics.sener\/es\/wp-json\/wp\/v2\/comments?post=296"}],"version-history":[{"count":8,"href":"https:\/\/www.diagnostics.sener\/es\/wp-json\/wp\/v2\/posts\/296\/revisions"}],"predecessor-version":[{"id":3750,"href":"https:\/\/www.diagnostics.sener\/es\/wp-json\/wp\/v2\/posts\/296\/revisions\/3750"}],"wp:featuredmedia":[{"embeddable":true,"href":"https:\/\/www.diagnostics.sener\/es\/wp-json\/wp\/v2\/media\/5478"}],"wp:attachment":[{"href":"https:\/\/www.diagnostics.sener\/es\/wp-json\/wp\/v2\/media?parent=296"}],"wp:term":[{"taxonomy":"category","embeddable":true,"href":"https:\/\/www.diagnostics.sener\/es\/wp-json\/wp\/v2\/categories?post=296"},{"taxonomy":"post_tag","embeddable":true,"href":"https:\/\/www.diagnostics.sener\/es\/wp-json\/wp\/v2\/tags?post=296"}],"curies":[{"name":"wp","href":"https:\/\/api.w.org\/{rel}","templated":true}]}}